{"id":102561,"date":"2024-03-16T19:27:02","date_gmt":"2024-03-16T18:27:02","guid":{"rendered":"https:\/\/konstelacije.hr\/?p=102561"},"modified":"2024-03-16T19:27:02","modified_gmt":"2024-03-16T18:27:02","slug":"potrebno","status":"publish","type":"post","link":"https:\/\/konstelacije.hr\/en\/2024\/03\/16\/potrebno\/","title":{"rendered":"Potrebno."},"content":{"rendered":"<p><span class=\"embed-youtube\" style=\"text-align:center; display: block;\"><iframe loading=\"lazy\" class=\"youtube-player\" width=\"640\" height=\"360\" src=\"https:\/\/www.youtube.com\/embed\/cgbNofn93Wk?version=3&#038;rel=1&#038;showsearch=0&#038;showinfo=1&#038;iv_load_policy=1&#038;fs=1&#038;hl=en-US&#038;autohide=2&#038;wmode=transparent\" allowfullscreen=\"true\" style=\"border:0;\" sandbox=\"allow-scripts allow-same-origin allow-popups allow-presentation allow-popups-to-escape-sandbox\"><\/iframe><\/span><\/p>\n<p>Sve \u0161to postoji je ujedno i potrebno. To zna\u010di da ni\u0161ta ne postoji samo po sebi.<\/p>\n<p>Kao \u0161to trebamo puno toga izvan sebe, potrebni smo i mi drugima. Budu\u0107i da postoje mnogi s kojima smo u odnosu uzajamne potrebe, povezani smo s njima.<\/p>\n<p>Neki pori\u010du svoju potrebu za drugim ljudima i stvarima. Oni nemilosrdno uni\u0161tavaju druge ljude i stvari kao da im ni\u0161ta ne treba. Ali ubrzo se poka\u017ee da svojom nemilosrdno\u0161\u0107u lako izgube ono \u0161to bi im kasnije moglo zatrebati. A kad im zatreba, nestat \u0107e.<\/p>\n<p>Ovu uzajamnu potrebu jednog za drugim do\u017eivljavamo gotovo odmah u odnosima, jer odnosi nastaju tamo gdje trebamo jedno drugo. \u0160to vi\u0161e trebamo jedni druge, dublja je veza.<\/p>\n<p>Mo\u017eemo se zapitati:<\/p>\n<ul>\n<li>Trebam li ja svoga partnera?<\/li>\n<li>Treba li moj partner mene?<\/li>\n<li>Treba li me moj \u0161ef, moji kolege, moji radnici?<\/li>\n<li>Trebaju li me moja djeca?<\/li>\n<li>Trebam li svoju majku?<\/li>\n<li>Trebam li svoga oca?<\/li>\n<li>Mogu li priznati svima koje trebam da ih trebam, i svima koji mene trebaju da me trebaju, dok nije kasno?<\/li>\n<\/ul>\n<p>Izvan ovih odnosa postoji jo\u0161 jedan odnos: onaj u kojem mi ne\u0161to trebamo, ali druga strana ne treba, a ipak i dalje ulazi u odnos s nama. To je odnos ljubavi, posebne ljubavi. Ova ljubav ostaje jednostrana jer samo jedna strana daje. U tom odnosu primamo ono \u0161to nam je potrebno, a ne mo\u017eemo ni\u0161ta dati. Ne trebamo. Ova ljubav prelazi bez potrebe da druga strana odgovori. Uvijek je &#8211; uvijek samo tu. A ipak je ta ljubav tako\u0111er obostrana, u smislu da na nju mo\u017eemo odgovoriti ljubavlju, samo ljubavlju.<\/p>\n<p>Ono \u0161to sam ovdje poku\u0161ao opisati je ljubav duha, ljubav duha kakvu mo\u017eemo iskusiti kada dopustimo da nas ona pokrene. Ali tako\u0111er sam opisao na\u0161u duhovnu ljubav kada do\u0111emo u sklad s pokretima duha i nau\u010dimo voljeti onako kako duh voli.<\/p>\n<p>Ova ljubav je ljubazno okrenuta svemu, a da ni\u0161ta ne \u017eeli ili treba. Okrenut je svima nama takvima kakvi jesmo. Okrenut je prema svijetu jer je tu za nas.<\/p>\n<p>Treba li nam ova ljubav? Treba li drugima na\u0161a ljubav? Je li im potrebna?<\/p>\n<p>Na\u0161a du\u0161a i na\u0161 duh trebaju ovu ljubav. Samo u toj ljubavi duha mi smo ovdje u svom punom bi\u0107u, ovdje s ljubavlju.<\/p>\n<p>Bert Hellinger, Natural transendece, str. 72<\/p>","protected":false},"excerpt":{"rendered":"<p>Sve \u0161to postoji je ujedno i potrebno. To zna\u010di da ni\u0161ta ne postoji samo po sebi. Kao \u0161to trebamo puno toga izvan sebe, potrebni smo i mi drugima. Budu\u0107i da postoje mnogi s kojima smo u odnosu uzajamne potrebe, povezani smo s njima. Neki pori\u010du svoju potrebu za drugim ljudima i stvarima. Oni nemilosrdno uni\u0161tavaju druge ljude i stvari kao da im ni\u0161ta ne treba. Ali ubrzo se poka\u017ee da svojom nemilosrdno\u0161\u0107u lako izgube ono \u0161to bi im kasnije moglo zatrebati. A kad im zatreba, nestat \u0107e. Ovu uzajamnu potrebu jednog za drugim do\u017eivljavamo gotovo odmah u odnosima, jer odnosi nastaju tamo gdje trebamo jedno drugo. \u0160to vi\u0161e trebamo jedni druge, dublja je veza. Mo\u017eemo se zapitati: Trebam li ja svoga partnera? Treba li moj partner mene? Treba li me moj \u0161ef, moji kolege, moji radnici? Trebaju li me moja djeca? Trebam li svoju majku? Trebam li svoga oca? Mogu li priznati svima koje trebam da ih trebam, i svima koji mene trebaju da me trebaju, dok nije kasno? Izvan ovih odnosa postoji jo\u0161 jedan odnos: onaj u kojem mi ne\u0161to trebamo, ali druga strana ne treba, a ipak i dalje ulazi u odnos s nama. To je odnos ljubavi,&#8230;<\/p>","protected":false},"author":244724598,"featured_media":102563,"comment_status":"closed","ping_status":"open","sticky":false,"template":"","format":"standard","meta":{"_crdt_document":"","_EventAllDay":false,"_EventTimezone":"","_EventStartDate":"","_EventEndDate":"","_EventStartDateUTC":"","_EventEndDateUTC":"","_EventShowMap":false,"_EventShowMapLink":false,"_EventURL":"","_EventCost":"","_EventCostDescription":"","_EventCurrencySymbol":"","_EventCurrencyCode":"","_EventCurrencyPosition":"","_EventDateTimeSeparator":"","_EventTimeRangeSeparator":"","_EventOrganizerID":[],"_EventVenueID":[],"_OrganizerEmail":"","_OrganizerPhone":"","_OrganizerWebsite":"","_VenueAddress":"","_VenueCity":"","_VenueCountry":"","_VenueProvince":"","_VenueState":"","_VenueZip":"","_VenuePhone":"","_VenueURL":"","_VenueStateProvince":"","_VenueLat":"","_VenueLng":"","_VenueShowMap":false,"_VenueShowMapLink":false,"_jetpack_newsletter_access":"","_jetpack_dont_email_post_to_subs":false,"_jetpack_newsletter_tier_id":0,"_jetpack_memberships_contains_paywalled_content":false,"_jetpack_memberships_contains_paid_content":false,"footnotes":"","jetpack_publicize_message":"","jetpack_publicize_feature_enabled":true,"jetpack_social_post_already_shared":true,"jetpack_social_options":{"image_generator_settings":{"template":"highway","default_image_id":0,"font":"","enabled":false},"version":2},"_wpas_customize_per_network":false,"jetpack_post_was_ever_published":false},"categories":[1597],"tags":[1598],"class_list":["post-102561","post","type-post","status-publish","format-standard","has-post-thumbnail","hentry","category-duhovna-savjest","tag-duhovna-savjest"],"yoast_head":"<!-- This site is optimized with the Yoast SEO Premium plugin v25.0 (Yoast SEO v27.4) - https:\/\/yoast.com\/product\/yoast-seo-premium-wordpress\/ -->\n<title>Potrebno. - konstelacije.hr<\/title>\n<meta name=\"description\" content=\"Kao \u0161to trebamo puno toga izvan sebe, potrebni smo i mi drugima. Budu\u0107i da postoje mnogi s kojima smo u odnosu uzajamne potrebe, povezani smo s njima.\" \/>\n<meta name=\"robots\" content=\"index, follow, max-snippet:-1, max-image-preview:large, max-video-preview:-1\" \/>\n<link rel=\"canonical\" href=\"https:\/\/konstelacije.hr\/en\/2024\/03\/16\/potrebno\/\" \/>\n<meta property=\"og:locale\" content=\"en_US\" \/>\n<meta property=\"og:type\" content=\"article\" \/>\n<meta property=\"og:title\" content=\"Potrebno.\" \/>\n<meta property=\"og:description\" content=\"Kao \u0161to trebamo puno toga izvan sebe, potrebni smo i mi drugima. Budu\u0107i da postoje mnogi s kojima smo u odnosu uzajamne potrebe, povezani smo s njima.\" \/>\n<meta property=\"og:url\" content=\"https:\/\/konstelacije.hr\/en\/2024\/03\/16\/potrebno\/\" \/>\n<meta property=\"og:site_name\" content=\"konstelacije.hr\" \/>\n<meta property=\"article:publisher\" content=\"https:\/\/www.facebook.com\/ivanaoreskikonstelator\" \/>\n<meta property=\"article:published_time\" content=\"2024-03-16T18:27:02+00:00\" \/>\n<meta property=\"og:image\" content=\"https:\/\/konstelacije.hr\/wp-content\/uploads\/2024\/03\/Potrebno.png\" \/>\n\t<meta property=\"og:image:width\" content=\"1280\" \/>\n\t<meta property=\"og:image:height\" content=\"720\" \/>\n\t<meta property=\"og:image:type\" content=\"image\/png\" \/>\n<meta name=\"author\" content=\"Ivana Ore\u0161ki\" \/>\n<meta name=\"twitter:card\" content=\"summary_large_image\" \/>\n<meta name=\"twitter:label1\" content=\"Written by\" \/>\n\t<meta name=\"twitter:data1\" content=\"Ivana Ore\u0161ki\" \/>\n\t<meta name=\"twitter:label2\" content=\"Est. reading time\" \/>\n\t<meta name=\"twitter:data2\" content=\"3 minutes\" \/>\n<script type=\"application\/ld+json\" class=\"yoast-schema-graph\">{\"@context\":\"https:\\\/\\\/schema.org\",\"@graph\":[{\"@type\":\"Article\",\"@id\":\"https:\\\/\\\/konstelacije.hr\\\/2024\\\/03\\\/16\\\/potrebno\\\/#article\",\"isPartOf\":{\"@id\":\"https:\\\/\\\/konstelacije.hr\\\/2024\\\/03\\\/16\\\/potrebno\\\/\"},\"author\":{\"name\":\"Ivana Ore\u0161ki\",\"@id\":\"https:\\\/\\\/konstelacije.hr\\\/#\\\/schema\\\/person\\\/8e12b2a3d23c1ca80f1d65bad07e92a4\"},\"headline\":\"Potrebno.\",\"datePublished\":\"2024-03-16T18:27:02+00:00\",\"mainEntityOfPage\":{\"@id\":\"https:\\\/\\\/konstelacije.hr\\\/2024\\\/03\\\/16\\\/potrebno\\\/\"},\"wordCount\":404,\"publisher\":{\"@id\":\"https:\\\/\\\/konstelacije.hr\\\/#organization\"},\"image\":{\"@id\":\"https:\\\/\\\/konstelacije.hr\\\/2024\\\/03\\\/16\\\/potrebno\\\/#primaryimage\"},\"thumbnailUrl\":\"https:\\\/\\\/i0.wp.com\\\/konstelacije.hr\\\/wp-content\\\/uploads\\\/2024\\\/03\\\/Potrebno.png?fit=1280%2C720&ssl=1\",\"keywords\":[\"duhovna savjest\"],\"articleSection\":[\"Duhovna savjest\"],\"inLanguage\":\"en-US\"},{\"@type\":\"WebPage\",\"@id\":\"https:\\\/\\\/konstelacije.hr\\\/2024\\\/03\\\/16\\\/potrebno\\\/\",\"url\":\"https:\\\/\\\/konstelacije.hr\\\/2024\\\/03\\\/16\\\/potrebno\\\/\",\"name\":\"Potrebno. - konstelacije.hr\",\"isPartOf\":{\"@id\":\"https:\\\/\\\/konstelacije.hr\\\/#website\"},\"primaryImageOfPage\":{\"@id\":\"https:\\\/\\\/konstelacije.hr\\\/2024\\\/03\\\/16\\\/potrebno\\\/#primaryimage\"},\"image\":{\"@id\":\"https:\\\/\\\/konstelacije.hr\\\/2024\\\/03\\\/16\\\/potrebno\\\/#primaryimage\"},\"thumbnailUrl\":\"https:\\\/\\\/i0.wp.com\\\/konstelacije.hr\\\/wp-content\\\/uploads\\\/2024\\\/03\\\/Potrebno.png?fit=1280%2C720&ssl=1\",\"datePublished\":\"2024-03-16T18:27:02+00:00\",\"description\":\"Kao \u0161to trebamo puno toga izvan sebe, potrebni smo i mi drugima. Budu\u0107i da postoje mnogi s kojima smo u odnosu uzajamne potrebe, povezani smo s njima.\",\"breadcrumb\":{\"@id\":\"https:\\\/\\\/konstelacije.hr\\\/2024\\\/03\\\/16\\\/potrebno\\\/#breadcrumb\"},\"inLanguage\":\"en-US\",\"potentialAction\":[{\"@type\":\"ReadAction\",\"target\":[\"https:\\\/\\\/konstelacije.hr\\\/2024\\\/03\\\/16\\\/potrebno\\\/\"]}]},{\"@type\":\"ImageObject\",\"inLanguage\":\"en-US\",\"@id\":\"https:\\\/\\\/konstelacije.hr\\\/2024\\\/03\\\/16\\\/potrebno\\\/#primaryimage\",\"url\":\"https:\\\/\\\/i0.wp.com\\\/konstelacije.hr\\\/wp-content\\\/uploads\\\/2024\\\/03\\\/Potrebno.png?fit=1280%2C720&ssl=1\",\"contentUrl\":\"https:\\\/\\\/i0.wp.com\\\/konstelacije.hr\\\/wp-content\\\/uploads\\\/2024\\\/03\\\/Potrebno.png?fit=1280%2C720&ssl=1\",\"width\":1280,\"height\":720},{\"@type\":\"BreadcrumbList\",\"@id\":\"https:\\\/\\\/konstelacije.hr\\\/2024\\\/03\\\/16\\\/potrebno\\\/#breadcrumb\",\"itemListElement\":[{\"@type\":\"ListItem\",\"position\":1,\"name\":\"Po\u010detna stranica\",\"item\":\"https:\\\/\\\/konstelacije.hr\\\/\"},{\"@type\":\"ListItem\",\"position\":2,\"name\":\"Potrebno.\"}]},{\"@type\":\"WebSite\",\"@id\":\"https:\\\/\\\/konstelacije.hr\\\/#website\",\"url\":\"https:\\\/\\\/konstelacije.hr\\\/\",\"name\":\"konstelacije.hr\",\"description\":\"Znanost sistemskih konstelacija prema Bertu Hellingeru.\",\"publisher\":{\"@id\":\"https:\\\/\\\/konstelacije.hr\\\/#organization\"},\"alternateName\":\"www.konstelacije.hr\",\"potentialAction\":[{\"@type\":\"SearchAction\",\"target\":{\"@type\":\"EntryPoint\",\"urlTemplate\":\"https:\\\/\\\/konstelacije.hr\\\/?s={search_term_string}\"},\"query-input\":{\"@type\":\"PropertyValueSpecification\",\"valueRequired\":true,\"valueName\":\"search_term_string\"}}],\"inLanguage\":\"en-US\"},{\"@type\":\"Organization\",\"@id\":\"https:\\\/\\\/konstelacije.hr\\\/#organization\",\"name\":\"Znanost sistemskog rada, vl. Ivana Ore\u0161ki\",\"alternateName\":\"Znanost sistemskog rada\",\"url\":\"https:\\\/\\\/konstelacije.hr\\\/\",\"logo\":{\"@type\":\"ImageObject\",\"inLanguage\":\"en-US\",\"@id\":\"https:\\\/\\\/konstelacije.hr\\\/#\\\/schema\\\/logo\\\/image\\\/\",\"url\":\"https:\\\/\\\/konstelacije.hr\\\/wp-content\\\/uploads\\\/2024\\\/01\\\/konstelacije.hr-1.png\",\"contentUrl\":\"https:\\\/\\\/konstelacije.hr\\\/wp-content\\\/uploads\\\/2024\\\/01\\\/konstelacije.hr-1.png\",\"width\":120,\"height\":40,\"caption\":\"Znanost sistemskog rada, vl. Ivana Ore\u0161ki\"},\"image\":{\"@id\":\"https:\\\/\\\/konstelacije.hr\\\/#\\\/schema\\\/logo\\\/image\\\/\"},\"sameAs\":[\"https:\\\/\\\/www.facebook.com\\\/ivanaoreskikonstelator\"]},{\"@type\":\"Person\",\"@id\":\"https:\\\/\\\/konstelacije.hr\\\/#\\\/schema\\\/person\\\/8e12b2a3d23c1ca80f1d65bad07e92a4\",\"name\":\"Ivana Ore\u0161ki\",\"image\":{\"@type\":\"ImageObject\",\"inLanguage\":\"en-US\",\"@id\":\"https:\\\/\\\/secure.gravatar.com\\\/avatar\\\/78d0ce083d1045a1ec432e1732662d736c0b92e3f0ae7acbd34f592471d50b98?s=96&d=identicon&r=g\",\"url\":\"https:\\\/\\\/secure.gravatar.com\\\/avatar\\\/78d0ce083d1045a1ec432e1732662d736c0b92e3f0ae7acbd34f592471d50b98?s=96&d=identicon&r=g\",\"contentUrl\":\"https:\\\/\\\/secure.gravatar.com\\\/avatar\\\/78d0ce083d1045a1ec432e1732662d736c0b92e3f0ae7acbd34f592471d50b98?s=96&d=identicon&r=g\",\"caption\":\"Ivana Ore\u0161ki\"},\"sameAs\":[\"https:\\\/\\\/konstelacije.hr\"],\"url\":\"https:\\\/\\\/konstelacije.hr\\\/en\\\/author\\\/uredkonstelacije\\\/\"}]}<\/script>\n<!-- \/ Yoast SEO Premium plugin. -->","yoast_head_json":{"title":"Potrebno. - konstelacije.hr","description":"Kao \u0161to trebamo puno toga izvan sebe, potrebni smo i mi drugima. Budu\u0107i da postoje mnogi s kojima smo u odnosu uzajamne potrebe, povezani smo s njima.","robots":{"index":"index","follow":"follow","max-snippet":"max-snippet:-1","max-image-preview":"max-image-preview:large","max-video-preview":"max-video-preview:-1"},"canonical":"https:\/\/konstelacije.hr\/en\/2024\/03\/16\/potrebno\/","og_locale":"en_US","og_type":"article","og_title":"Potrebno.","og_description":"Kao \u0161to trebamo puno toga izvan sebe, potrebni smo i mi drugima. Budu\u0107i da postoje mnogi s kojima smo u odnosu uzajamne potrebe, povezani smo s njima.","og_url":"https:\/\/konstelacije.hr\/en\/2024\/03\/16\/potrebno\/","og_site_name":"konstelacije.hr","article_publisher":"https:\/\/www.facebook.com\/ivanaoreskikonstelator","article_published_time":"2024-03-16T18:27:02+00:00","og_image":[{"width":1280,"height":720,"url":"https:\/\/konstelacije.hr\/wp-content\/uploads\/2024\/03\/Potrebno.png","type":"image\/png"}],"author":"Ivana Ore\u0161ki","twitter_card":"summary_large_image","twitter_misc":{"Written by":"Ivana Ore\u0161ki","Est. reading time":"3 minutes"},"schema":{"@context":"https:\/\/schema.org","@graph":[{"@type":"Article","@id":"https:\/\/konstelacije.hr\/2024\/03\/16\/potrebno\/#article","isPartOf":{"@id":"https:\/\/konstelacije.hr\/2024\/03\/16\/potrebno\/"},"author":{"name":"Ivana Ore\u0161ki","@id":"https:\/\/konstelacije.hr\/#\/schema\/person\/8e12b2a3d23c1ca80f1d65bad07e92a4"},"headline":"Potrebno.","datePublished":"2024-03-16T18:27:02+00:00","mainEntityOfPage":{"@id":"https:\/\/konstelacije.hr\/2024\/03\/16\/potrebno\/"},"wordCount":404,"publisher":{"@id":"https:\/\/konstelacije.hr\/#organization"},"image":{"@id":"https:\/\/konstelacije.hr\/2024\/03\/16\/potrebno\/#primaryimage"},"thumbnailUrl":"https:\/\/i0.wp.com\/konstelacije.hr\/wp-content\/uploads\/2024\/03\/Potrebno.png?fit=1280%2C720&ssl=1","keywords":["duhovna savjest"],"articleSection":["Duhovna savjest"],"inLanguage":"en-US"},{"@type":"WebPage","@id":"https:\/\/konstelacije.hr\/2024\/03\/16\/potrebno\/","url":"https:\/\/konstelacije.hr\/2024\/03\/16\/potrebno\/","name":"Potrebno. - konstelacije.hr","isPartOf":{"@id":"https:\/\/konstelacije.hr\/#website"},"primaryImageOfPage":{"@id":"https:\/\/konstelacije.hr\/2024\/03\/16\/potrebno\/#primaryimage"},"image":{"@id":"https:\/\/konstelacije.hr\/2024\/03\/16\/potrebno\/#primaryimage"},"thumbnailUrl":"https:\/\/i0.wp.com\/konstelacije.hr\/wp-content\/uploads\/2024\/03\/Potrebno.png?fit=1280%2C720&ssl=1","datePublished":"2024-03-16T18:27:02+00:00","description":"Kao \u0161to trebamo puno toga izvan sebe, potrebni smo i mi drugima. Budu\u0107i da postoje mnogi s kojima smo u odnosu uzajamne potrebe, povezani smo s njima.","breadcrumb":{"@id":"https:\/\/konstelacije.hr\/2024\/03\/16\/potrebno\/#breadcrumb"},"inLanguage":"en-US","potentialAction":[{"@type":"ReadAction","target":["https:\/\/konstelacije.hr\/2024\/03\/16\/potrebno\/"]}]},{"@type":"ImageObject","inLanguage":"en-US","@id":"https:\/\/konstelacije.hr\/2024\/03\/16\/potrebno\/#primaryimage","url":"https:\/\/i0.wp.com\/konstelacije.hr\/wp-content\/uploads\/2024\/03\/Potrebno.png?fit=1280%2C720&ssl=1","contentUrl":"https:\/\/i0.wp.com\/konstelacije.hr\/wp-content\/uploads\/2024\/03\/Potrebno.png?fit=1280%2C720&ssl=1","width":1280,"height":720},{"@type":"BreadcrumbList","@id":"https:\/\/konstelacije.hr\/2024\/03\/16\/potrebno\/#breadcrumb","itemListElement":[{"@type":"ListItem","position":1,"name":"Po\u010detna stranica","item":"https:\/\/konstelacije.hr\/"},{"@type":"ListItem","position":2,"name":"Potrebno."}]},{"@type":"WebSite","@id":"https:\/\/konstelacije.hr\/#website","url":"https:\/\/konstelacije.hr\/","name":"konstelacije.hr","description":"Znanost sistemskih konstelacija prema Bertu Hellingeru.","publisher":{"@id":"https:\/\/konstelacije.hr\/#organization"},"alternateName":"www.konstelacije.hr","potentialAction":[{"@type":"SearchAction","target":{"@type":"EntryPoint","urlTemplate":"https:\/\/konstelacije.hr\/?s={search_term_string}"},"query-input":{"@type":"PropertyValueSpecification","valueRequired":true,"valueName":"search_term_string"}}],"inLanguage":"en-US"},{"@type":"Organization","@id":"https:\/\/konstelacije.hr\/#organization","name":"Stellar.icu","alternateName":"Znanost sistemskog rada","url":"https:\/\/konstelacije.hr\/","logo":{"@type":"ImageObject","inLanguage":"en-US","@id":"https:\/\/konstelacije.hr\/#\/schema\/logo\/image\/","url":"https:\/\/konstelacije.hr\/wp-content\/uploads\/2024\/01\/konstelacije.hr-1.png","contentUrl":"https:\/\/konstelacije.hr\/wp-content\/uploads\/2024\/01\/konstelacije.hr-1.png","width":120,"height":40,"caption":"Znanost sistemskog rada, vl. Ivana Ore\u0161ki"},"image":{"@id":"https:\/\/konstelacije.hr\/#\/schema\/logo\/image\/"},"sameAs":["https:\/\/www.facebook.com\/ivanaoreskikonstelator"]},{"@type":"Person","@id":"https:\/\/konstelacije.hr\/#\/schema\/person\/8e12b2a3d23c1ca80f1d65bad07e92a4","name":"Ivana Ore\u0161ki","image":{"@type":"ImageObject","inLanguage":"en-US","@id":"https:\/\/secure.gravatar.com\/avatar\/78d0ce083d1045a1ec432e1732662d736c0b92e3f0ae7acbd34f592471d50b98?s=96&d=identicon&r=g","url":"https:\/\/secure.gravatar.com\/avatar\/78d0ce083d1045a1ec432e1732662d736c0b92e3f0ae7acbd34f592471d50b98?s=96&d=identicon&r=g","contentUrl":"https:\/\/secure.gravatar.com\/avatar\/78d0ce083d1045a1ec432e1732662d736c0b92e3f0ae7acbd34f592471d50b98?s=96&d=identicon&r=g","caption":"Ivana Ore\u0161ki"},"sameAs":["https:\/\/konstelacije.hr"],"url":"https:\/\/konstelacije.hr\/en\/author\/uredkonstelacije\/"}]}},"jetpack_publicize_connections":[],"jetpack_featured_media_url":"https:\/\/i0.wp.com\/konstelacije.hr\/wp-content\/uploads\/2024\/03\/Potrebno.png?fit=1280%2C720&ssl=1","jetpack_sharing_enabled":true,"jetpack_likes_enabled":true,"jetpack_shortlink":"https:\/\/wp.me\/sfpn5q-potrebno","_links":{"self":[{"href":"https:\/\/konstelacije.hr\/en\/wp-json\/wp\/v2\/posts\/102561","targetHints":{"allow":["GET"]}}],"collection":[{"href":"https:\/\/konstelacije.hr\/en\/wp-json\/wp\/v2\/posts"}],"about":[{"href":"https:\/\/konstelacije.hr\/en\/wp-json\/wp\/v2\/types\/post"}],"author":[{"embeddable":true,"href":"https:\/\/konstelacije.hr\/en\/wp-json\/wp\/v2\/users\/244724598"}],"replies":[{"embeddable":true,"href":"https:\/\/konstelacije.hr\/en\/wp-json\/wp\/v2\/comments?post=102561"}],"version-history":[{"count":2,"href":"https:\/\/konstelacije.hr\/en\/wp-json\/wp\/v2\/posts\/102561\/revisions"}],"predecessor-version":[{"id":102564,"href":"https:\/\/konstelacije.hr\/en\/wp-json\/wp\/v2\/posts\/102561\/revisions\/102564"}],"wp:featuredmedia":[{"embeddable":true,"href":"https:\/\/konstelacije.hr\/en\/wp-json\/wp\/v2\/media\/102563"}],"wp:attachment":[{"href":"https:\/\/konstelacije.hr\/en\/wp-json\/wp\/v2\/media?parent=102561"}],"wp:term":[{"taxonomy":"category","embeddable":true,"href":"https:\/\/konstelacije.hr\/en\/wp-json\/wp\/v2\/categories?post=102561"},{"taxonomy":"post_tag","embeddable":true,"href":"https:\/\/konstelacije.hr\/en\/wp-json\/wp\/v2\/tags?post=102561"}],"curies":[{"name":"wp","href":"https:\/\/api.w.org\/{rel}","templated":true}]}}